{"id":165667,"date":"2026-04-23T11:12:24","date_gmt":"2026-04-23T11:12:24","guid":{"rendered":"https:\/\/protectron.com.au\/?p=165667"},"modified":"2026-03-06T15:51:24","modified_gmt":"2026-03-06T15:51:24","slug":"mazowsze-ikona-polskiego-folkloru-na-trasie-2","status":"publish","type":"post","link":"https:\/\/protectron.com.au\/index.php\/2026\/04\/23\/mazowsze-ikona-polskiego-folkloru-na-trasie-2\/","title":{"rendered":"Mazowsze ikona polskiego folkloru na trasie koncertowej w 2025 roku"},"content":{"rendered":"<div id=\"toc\" style=\"background: #f9f9f9;border: 1px solid #aaa;display: table;margin-bottom: 1em;padding: 1em;width: 350px;\">\n<p class=\"toctitle\" style=\"font-weight: 700;text-align: center;\">Content<\/p>\n<ul class=\"toc_list\">\n<li><a href=\"#toc-0\">Nowe po\u0142\u0105czenie kolejowe z Polski rusza od 1 marca. To hit, na kt\u00f3ry czeka\u0142o wielu turyst\u00f3w<\/a><\/li>\n<li><a href=\"#toc-1\">\u201e500 lat Mazowsza w Koronie. Historyczno-kulturalne podr\u00f3\u017ce i inspiracje\u201d<\/a><\/li>\n<li><a href=\"#toc-2\">Muzyka Vivaldiego w\u00a0soko\u0142owskiej konkatedrze<\/a><\/li>\n<li><a href=\"#toc-4\">Mieszka\u0144cy Krakowa i inni bohaterowie<\/a><\/li>\n<\/ul>\n<\/div>\n<p>Po zlikwidowaniu rozbicia dzielnicowego pa\u0144stwo polskie zjednoczy\u0142o si\u0119 w jeden organizm pa\u0144stwowy. Uprzywilejowanie szlachty mazowieckiej by\u0142o skromniejsze ni\u017c w Koronie, p\u0142aci\u0142a ona wy\u017csze podatki, nie zna\u0142a wolno\u015bci celnej, ani zasady \u201eneminem captivabimus\u201d. Tempo rozwoju gospodarczo \u2013 spo\u0142ecznego Mazowsza by\u0142o wolniejsze ni\u017c in\u00adnych dzielnic Polski. Obwiniano kr\u00f3low\u0105 Bon\u0119, oskar\u017cano Katarzyn\u0119 Radziejowsk\u0105, wojewodziank\u0119 rawsk\u0105, osob\u0119 raczej swobodnego prowadzenia oraz aptekarza Jana Alantzee, kt\u00f3ry zbieg\u0142 z Warszawy. Jako wdowa po nim i w\u00f3jtowa z Gie\u0142czyna sprzeda\u00ad\u0142a w 1524 roku w\u0142\u00f3k\u0119 swojego w\u00f3jtostwa szlachetnemu Piotrowi Malinowskiemu z M\u015bciwuj\u00f3w, m\u0119\u017cowi swej c\u00f3rki Anny.<\/p>\n<h2 id=\"toc-0\">Nowe po\u0142\u0105czenie kolejowe z Polski rusza od 1 marca. To hit, na kt\u00f3ry czeka\u0142o wielu turyst\u00f3w<\/h2>\n<ul>\n<li>Rozejm andruszowski z 1667 postanawia\u0142, \u017ce Korona traci na rzecz Rosji Zadnieprze, czyli wojew\u00f3dztwo czernihowskie oraz po\u0142ow\u0119 wojew\u00f3dztwa kijowskiego.<\/li>\n<li>Parking mo\u017cliwy wzd\u0142u\u017c ul.<\/li>\n<li>Ten znany zesp\u00f3\u0142 ch\u00f3ralny dzia\u0142a od ponad czterdziestu lat przy Akademickim Ko\u015bciele \u015bw.<\/li>\n<li>\u201eW\u015br\u00f3d ma\u0142\u017ce\u0144stw mazowieckich dominowa\u0142y zwi\u0105zki z\u00a0Piastami \u015bl\u0105skimi oraz dynastiami ruskimi i\u00a0litewskimi.<\/li>\n<\/ul>\n<p>Od pocz\u0105tku XVII wieku nast\u0105pi\u0142 gwa\u0142towny rozw\u00f3j Warszawy. Mazowsza nie oszcz\u0119dzi\u0142y kl\u0119ski XVII i XVIII wieku. P\u0142ock, kt\u00f3ry jeszcze w XV i XVI wieku stanowi\u0142 wa\u017cny regionalny o\u015brodek handlu, w nast\u0119pstwie licznych wojen pogr\u0105\u017cy\u0142 si\u0119 w stagnacji. Region, poza sto\u0142eczn\u0105 Warszaw\u0105, pozosta\u0142 obszarem zap\u00f3\u017anionym i s\u0142abo rozwini\u0119tym.<\/p>\n<h3 id=\"toc-1\">\u201e500 lat Mazowsza w Koronie. Historyczno-kulturalne podr\u00f3\u017ce i inspiracje\u201d<\/h3>\n<p>21.00 (po jednym odcinku tygodniowo) z w\u0119gierskim dubbingiem. Do tytu\u0142u serialu dodano dopisek \u201eJagiellonowie\u201d, odcinki ponownie numerowane s\u0105 od 1, a ponadto ka\u017cdy odcinek ma sw\u00f3j tytu\u0142. Ostatecznie emisja nowej serii rozpocz\u0119\u0142a si\u0119 2\u00a0stycznia 2023 roku, przy czym 26 grudnia 2022 wyemitowano odcinek pilota\u017cowy.<\/p>\n<h3 id=\"toc-2\">Muzyka Vivaldiego w\u00a0soko\u0142owskiej konkatedrze<\/h3>\n<p>Temu muzykowaniu towarzyszy\u0142y zawsze pe\u0142ne t\u0119sknoty pie\u015bni, kt\u00f3re symbolizowa\u0142y oczekiwanie na narodziny Pana Jezusa &#8211; powiedzia\u0142 Stanis\u0142aw Ja\u0142ocha. Jak m\u00f3wi\u0142 w rozmowie z Dw\u00f3jk\u0105 mieszkaniec Kalonki na Mazowszu, po ligawk\u0119 si\u0119gano podczas adwentu, poniewa\u017c brzmienie tego instrumentu przypomina d\u017awi\u0119k tr\u0105b anio\u0142\u00f3w zwiastuj\u0105cych nadej\u015bcie Chrystusa. Krakowski Festiwal Filmowy, kt\u00f3ry rozpocznie si\u0119 w niedziel\u0119 28 maja w Krakowie, i zaprosili\u015bmy na\u00a0Mi\u0119dzynarodowy Festiwal Krymina\u0142u 2017, kt\u00f3ry odbywa si\u0119 w dniach maja we Wroc\u0142awiu. W tym roku wyst\u0105pi\u0105 m.in. Mazowsze w Koronie to\u00a0cykl koncert\u00f3w wybitnych artyst\u00f3w w zabytkach architektury mazowieckiej. Orkiestra Kameralna Filharmonii Narodowej nawi\u0105za\u0142a wsp\u00f3\u0142prac\u0119 z najwybitniejszymi solistami, wytw\u00f3rniami p\u0142ytowymi, organizatorami presti\u017cowych festiwali oraz z tw\u00f3rcami muzyki kameralnej.<\/p>\n<p>Najm\u0142odszy ksi\u0105\u017c\u0119 pocz\u0105tkowo pozostawa\u0142 w do\u015b\u0107 \u015bcis\u0142ym zwi\u0105zku z Wielkim Ksi\u0119stwem Litewskim, sojuszowi sprzyja\u0142o ma\u0142\u017ce\u0144stwo Wac\u0142awa z El\u017cbiet\u0105 Giedymin\u00f3wn\u0105. Lewobrze\u017cn\u0105 cz\u0119\u015b\u0107 z Sochaczewem i Gostyninem ksi\u0105\u017c\u0119 planowa\u0142 przekaza\u0107 najm\u0142odszemu synowi Wac\u0142awowi. Uwaga \u2013 wszystkie terminy zaj\u0119\u0107 w szko\u0142ach na 2024 rok zosta\u0142y ju\u017c zarezerwowane. Rocznicy inkorporacji Mazowsza do Kr\u00f3lestwa Polskiego.<\/p>\n<h2 id=\"toc-4\">Mieszka\u0144cy Krakowa i inni bohaterowie<\/h2>\n<p>Dunin-W\u0105sowiczowa i in., Warszawa 1973 (Atlas historyczny Polski. Mapy szczeg\u00f3\u0142owe XVI wieku, 7), s. Uczniowie odgrywali scenki, w trakcie kt\u00f3rych wcielali si\u0119 w postacie ksi\u0105\u017c\u0105t, ksi\u0119\u017cnych, rycerzy, a tak\u017ce postaci\u00a0z mazowieckich legend. Dlaczego god\u0142em ksi\u0105\u017c\u0105t mazowieckich zosta\u0142 pochodz\u0105cy najpewniej z Wysp Brytyjskich smok zwany wiwern\u0105? Nasi uczniowie mogli wcieli\u0107 si\u0119 w mazowieckich ksi\u0105\u017c\u0105t.<\/p>\n<h3 id=\"toc-5\">Jakie aktywno\u015bci czekaj\u0105 uczestnik\u00f3w projektu?<\/h3>\n<p>Ksi\u0119stwo mia\u0142o przej\u015b\u0107 pod w\u0142adanie kr\u00f3la polskiego, jednak spos\u00f3b jego w\u0142\u0105czenia i warunki przynale\u017cno\u015bci nie zosta\u0142y wcze\u015bniej jasno okre\u015blone. Wraz z wygasaniem poszczeg\u00f3lnych linii Piast\u00f3w mazowieckich, kolejne tereny zosta\u0142y przy\u0142\u0105czone do Korony. W\u00a0roku 2017, w\u00a0ramach festiwalu FCCH Early Music Season w\u00a0Pekinie i\u00a0Wuhan (Chiny),\u00a0 Anna i\u00a0Anton rozpocz\u0119li realizacj\u0119 pierwszego w\u00a0historii lutni programu\u00a0Bach meets\u00a0Weiss,\u00a0sk\u0142adaj\u0105cego si\u0119 z\u00a0wy\u0142\u0105cznie z\u00a0duet\u00f3w Silviusa Leopolda Weissa i\u00a0Johanna Sebastiana Bacha. Ostatnio powsta\u0142y zesp\u00f3\u0142 Luteduo Plus \u0142\u0105czy brzmienie tych instrument\u00f3w szarpanych z\u00a0brzmieniem organ\u00f3w. Na scenie zaprezentuje si\u0119 zesp\u00f3\u0142 ludowy, a na terenie wsi rz\u0119dowej zobaczy\u0107 mo\u017cna nie tylko wystaw\u0119 \u201eRok polski w tradycyjnych zaj\u0119ciach codziennych\u201d, ale r\u00f3wnie\u017c pokazy zwi\u0105zane z wiosenn\u0105 obrz\u0119dowo\u015bci\u0105.<\/p>\n<p>10 wrze\u015bnia 1526 roku Sejm Mazowiecki z\u0142o\u017cy\u0142 przysi\u0119g\u0119 na wierno\u015b\u0107 kr\u00f3lowi Zygmuntowi I Staremu, co przypiecz\u0119towa\u0142o inkorporacj\u0119 Mazowsza. A na filmie, do ogl\u0105dania ekspozycji w Gostyninie, zaprasza Agnieszka Korajczyk-Szyperska \u2013 Burmistrz Gostynina. Sprzedam dom mieszkalny jednorodzinny po\u0142o\u017cony w Sochaczewie (Boryszew) o powierzchni u\u017cytkowej 40m2, <a href=\"https:\/\/www.mazowszewkoronie.pl\/\">mazowszewkoronie<\/a> plus 40m2 wysoka piwnica pod ca\u0142ym budynkiem z..<\/p>\n<p>Dzi\u0119ki r\u00f3\u017cnorodnemu repertuarowi zesp\u00f3\u0142 zyska\u0142 status narodowego ambasadora polskiej kultury. Tadeusza Sygiety\u0144skiego to jedne z najpi\u0119kniejszych tradycyjnych interpretacji polskiej muzyki \u015bwi\u0105tecznej. \u2013 Pi\u0119\u0107setna rocznica inkorporacji Mazowsza do Kr\u00f3lestwa Polskiego stwarza mo\u017cliwo\u015b\u0107 podj\u0119cia stara\u0144, aby na r\u00f3\u017cne sposoby przybli\u017cy\u0107 dzieje tej cz\u0119\u015bci Polski i w\u0142adaj\u0105cej nim piastowskiej dynastii \u2013 m\u00f3wi Adam Struzik, marsza\u0142ek wojew\u00f3dztwa mazowieckiego.<\/p>\n<p>B\u0119dzie to muzyczne po\u017cegnanie z legend\u0105 muzyki filmowej Ennio Morricone wszechstronnym, \u015bwiatowej s\u0142awy w\u0142oskim artyst\u0105, kt\u00f3ry odszed\u0142 6 lipca 2020 roku w Rzymie w wieku 91 lat.Tegoroczny osiemnasty ju\u017c sezon cyklu Mazowsze w Koronie zainauguruje niezwyk\u0142y koncert w wykonaniu zespo\u0142u Marii Pomianowskiej z programem Per\u0142y muzyki polskiej. Jesienn\u0105 ods\u0142on\u0119 osiemnastego ju\u017c sezonu cyklu Mazowsze w Koronie zainauguruje koncert w wykonaniu zespo\u0142u Marii Pomianowskiej z programem Per\u0142y muzyki polskiej. W kilka dni potem Zygmunt przyrzek\u0142 wyp\u0142aci\u0107 posag drugiej siostrze zmar\u0142ych ksi\u0105\u017c\u0105t Zofii, \u017conie palatyna w\u0119gierskiego Stefana Batorego (stryja p\u00f3\u017aniejszego kr\u00f3la polskiego), kt\u00f3rej roszczenia do sukcesji mazowieckiej podnosi\u0142 i w jej imieniu interweniowa\u0142 poprzednio, poleg\u0142y niedawno pod Mohaczem kr\u00f3l w\u0119gierski, Ludwik. Mazowiecki Instytut Kultury jest beneficjentem Funduszu Wsparcia Kultury, pomocy finansowej polskiego rz\u0105du skierowanej do\u00a0sektora kultury podczas pandemii COVID-19. Celem projektu jest przypomnienie burzliwej historii Mazowsza przed przy\u0142\u0105czeniem do Polski, postaci ksi\u0105\u017c\u0105t mazowieckich, kt\u00f3rzy po\u0142o\u017cyli podwaliny pod dzisiejsze Mazowsze oraz ich dziedzictwa,\u00a0a tak\u017ce ugruntowanie dumy z lokalnej historii.<\/p>\n","protected":false},"excerpt":{"rendered":"<p>Content Nowe po\u0142\u0105czenie kolejowe z Polski rusza od 1 marca. To hit, na kt\u00f3ry czeka\u0142o wielu turyst\u00f3w \u201e500 lat Mazowsza w Koronie. Historyczno-kulturalne podr\u00f3\u017ce i inspiracje\u201d Muzyka Vivaldiego w\u00a0soko\u0142owskiej konkatedrze Mieszka\u0144cy Krakowa i inni bohaterowie Po zlikwidowaniu rozbicia dzielnicowego pa\u0144stwo&#8230;<\/p>\n","protected":false},"author":2,"featured_media":0,"comment_status":"open","ping_status":"open","sticky":false,"template":"","format":"standard","meta":{"footnotes":""},"categories":[5980],"tags":[],"class_list":["post-165667","post","type-post","status-publish","format-standard","hentry","category-mazowszewkoronie-pl"],"_links":{"self":[{"href":"https:\/\/protectron.com.au\/index.php\/wp-json\/wp\/v2\/posts\/165667","targetHints":{"allow":["GET"]}}],"collection":[{"href":"https:\/\/protectron.com.au\/index.php\/wp-json\/wp\/v2\/posts"}],"about":[{"href":"https:\/\/protectron.com.au\/index.php\/wp-json\/wp\/v2\/types\/post"}],"author":[{"embeddable":true,"href":"https:\/\/protectron.com.au\/index.php\/wp-json\/wp\/v2\/users\/2"}],"replies":[{"embeddable":true,"href":"https:\/\/protectron.com.au\/index.php\/wp-json\/wp\/v2\/comments?post=165667"}],"version-history":[{"count":1,"href":"https:\/\/protectron.com.au\/index.php\/wp-json\/wp\/v2\/posts\/165667\/revisions"}],"predecessor-version":[{"id":165668,"href":"https:\/\/protectron.com.au\/index.php\/wp-json\/wp\/v2\/posts\/165667\/revisions\/165668"}],"wp:attachment":[{"href":"https:\/\/protectron.com.au\/index.php\/wp-json\/wp\/v2\/media?parent=165667"}],"wp:term":[{"taxonomy":"category","embeddable":true,"href":"https:\/\/protectron.com.au\/index.php\/wp-json\/wp\/v2\/categories?post=165667"},{"taxonomy":"post_tag","embeddable":true,"href":"https:\/\/protectron.com.au\/index.php\/wp-json\/wp\/v2\/tags?post=165667"}],"curies":[{"name":"wp","href":"https:\/\/api.w.org\/{rel}","templated":true}]}}