{"id":161562,"date":"2026-03-05T09:14:41","date_gmt":"2026-03-05T09:14:41","guid":{"rendered":"https:\/\/protectron.com.au\/?p=161562"},"modified":"2026-02-28T23:26:22","modified_gmt":"2026-02-28T23:26:22","slug":"contactos-7","status":"publish","type":"post","link":"https:\/\/protectron.com.au\/index.php\/2026\/03\/05\/contactos-7\/","title":{"rendered":"Contactos"},"content":{"rendered":"<div id=\"toc\" style=\"background: #f9f9f9;border: 1px solid #aaa;display: table;margin-bottom: 1em;padding: 1em;width: 350px;\">\n<p class=\"toctitle\" style=\"font-weight: 700;text-align: center;\">Content<\/p>\n<ul class=\"toc_list\">\n<li><a href=\"#toc-1\">Quantos trabalhadores formam a equipe de Agrupamento De Escolas Do Restelo?<\/a><\/li>\n<li><a href=\"#toc-2\">Na lista abaixo, consulte a lista de creches, jardins de inf\u00e2ncia e ber\u00e7\u00e1rios em Restelo.<\/a><\/li>\n<li><a href=\"#toc-4\">Mais informa\u00e7\u00e3o sobre o campus do Restelo<\/a><\/li>\n<li><a href=\"#toc-5\">Prime School International posiciona-se entre as melhores escolas internacionais da Europa<\/a><\/li>\n<\/ul>\n<\/div>\n<p>O PaRK International School em Lisboa, Portugal oferece um ensino privado de excel\u00eancia a alunos entre 1 e 18 anos em tr\u00eas campus com instala\u00e7\u00f5es fant\u00e1sticas em zonas privilegiadas da cidade. A Escola Secund\u00e1ria do Restelo (ESR) encontra-se situada na freguesia de Bel\u00e9m e \u00e9 a escola-sede do Agrupamento de Escolas do Restelo desde 2013. O Nosso Col\u00e9gio, desde 1976, \u00e9 um espa\u00e7o dedicado ao ensino de excel\u00eancia e a uma educa\u00e7\u00e3o int Cada escola do agrupamento \u00e9 uma comunidade aberta, inclusiva e colaborativa.<\/p>\n<p>Aqui, as crian\u00e7as exploram as suas paix\u00f5es e cultivam os seus talentos num vasto leque de atividades curriculares e extracurriculares que incluem m\u00fasica, artes visuais e performativas, desporto e atividades de desenvolvimento pessoal. Localizada perto do rio, a nossa escola no Restelo oferece excelentes instala\u00e7\u00f5es num dos bairros residenciais mais emblem\u00e1ticos de Lisboa. Com um ambiente acolhedor e uma equipa excecional, os nossos alunos t\u00eam todo o apoio necess\u00e1rio para alcan\u00e7arem a excel\u00eancia acad\u00e9mica, crescerem bilingues e criativos.<\/p>\n<h2 id=\"toc-0\">GUIA INFORMATIVO PARA ALUNOS<\/h2>\n<p>Seja o primeiro a receber as novidades e deixe-nos enviar-lhe um email quando Agrupamento de Escolas do Restelo publica not\u00edcias e promo\u00e7\u00f5es. No total, acolhe aproximadamente alunos e integra um corpo docente com cerca de 240 professores. \u2013 A aquisi\u00e7\u00e3o pode ser efetuada pelos Encarregados de Educa\u00e7\u00e3o na papelaria da escola ou no exterior; Esta lista ordenada na p\u00e1gina da escola, pois j\u00e1 vou fazer a sele\u00e7\u00e3o da primeira candidata no <a href=\"externatoescolinha.pt\">externatoescolinha.pt<\/a> SIGHRE. Esta atividade tem inicio da parte da manh\u00e3 para os alunos e a partir das 14.00 para toda a Comunidade.<\/p>\n<h3 id=\"toc-1\">Quantos trabalhadores formam a equipe de Agrupamento De Escolas Do Restelo?<\/h3>\n<ul>\n<li>Assim que essa informa\u00e7\u00e3o esteja dispon\u00edvel,\u00a0a\u00a0mesma\u00a0ser\u00e1 publicada\u00a0no nosso site, assim como na nossa p\u00e1gina de Facebook.<\/li>\n<li>Estranhamos que o comunicado aborde s\u00f3 e exclusivamente este tema \u2013 de entre uma s\u00e9rie de quest\u00f5es que foram levadas pela APEEESR ao CG e que refletem as preocupa\u00e7\u00f5es dos pais, \u00e0s quais a Dire\u00e7\u00e3o da ESR e o CG do AER deveriam ser sens\u00edveis e responder de forma alargada, tal como efetuado com este comunicado.<\/li>\n<li>Plataforma Inovar Consulta (disponibiliza informa\u00e7\u00f5es da atividade escolar dos alunos)<\/li>\n<li>Relativamente aos resultados do ano anterior e na sequ\u00eancia das altera\u00e7\u00f5es nas condi\u00e7\u00f5es de realiza\u00e7\u00e3o e modelo das provas, todas as escolas de Lisboa subiram a m\u00e9dia dos exames nacionais.<\/li>\n<li>Tesouraria\u00a0\u2013<\/li>\n<\/ul>\n<p>Convidam-se os Encarregados de Educa\u00e7\u00e3o e todos os alunos no Conv\u00edvio de Natal, no dia 16 de dezembro, \u00e0s 14.00 com vista a angaria\u00e7\u00e3o de fundos para as Viagens a Londres dos 9\u00ba e 11\u00ba anos de Escolaridade. Este estabelecimento de ensino tem como val\u00eancias, entre outras, a Unidade de Apoio aos Alunos de Alto Rendimento (UAARE), a R\u00e1dio Escolar e a Associa\u00e7\u00e3o de Estudantes. O Outono no O Nosso Col\u00e9gio \u00e9 tema do nosso trabalho, adaptado em cada aula aos interesses das nossas crian\u00e7as. O NOSSO COL\u00c9GIO privilegia um ensino de excele\u0302ncia ha\u0301 quase 50 anos, disponibilizando uma educac\u0327a\u0303o integral com fortes apostas na formac\u0327a\u0303o e actualizac\u0327a\u0303o conti\u0301nuas.<\/p>\n<p>Isto tem a ver com a nossa escola, \u00e9 uma oferta de escola e \u00e9 para terem um conhecimento e levarem daqui alguma mais-valia. \u201cH\u00e1 momentos em que algumas atividades, nomeadamente de m\u00fasica, s\u00e3o em conjunto e outros em que \u00e9 por idades. O ber\u00e7\u00e1rio destina-se a beb\u00e9s entre os quatro e os 12 meses (ou quando adquirida a marcha) e a creche acompanha-os at\u00e9 que tenham tr\u00eas anos. O ensino divide-se em ber\u00e7\u00e1rio, creche, jardim de inf\u00e2ncia, 1.\u00ba, 2.\u00ba e 3.\u00ba ciclos. O objetivo \u00e9 mesmo tornar os alunos em cidad\u00e3os melhores, mais conscientes e mais informados, contribuindo para um mundo mais solid\u00e1rio e harmonioso. N\u00e3o foi gra\u00e7as \u00e0 \u00cdndia, mas sim ao Movimento de Escola Moderna, criado por um professor franc\u00eas que desenvolveu um m\u00e9todo natural de aprendizagem, pondo os alunos em contacto com a realidade.<\/p>\n<h2 id=\"toc-2\">Na lista abaixo, consulte a lista de creches, jardins de inf\u00e2ncia e ber\u00e7\u00e1rios em Restelo.<\/h2>\n<p>Isto significa que est\u00e3o completamente preparados para se realizarem na sua vida para al\u00e9m do col\u00e9gio. Investir numa educa\u00e7\u00e3o internacional de excel\u00eancia em Portugal ter\u00e1 um grande impacto nas oportunidades futuras de uma crian\u00e7a no mundo acelerado e global em que vivemos. Escolher a escola certa para um filho \u00e9 uma das decis\u00f5es mais importantes que as fam\u00edlias t\u00eam de tomar. O valor de uma excelente educa\u00e7\u00e3o internacional em Portugal Diret\u00f3rio de col\u00e9gios privados em Portugal Receba notifica\u00e7\u00f5es quando publicamos um texto deste autor ou sobre os temas deste artigo.<\/p>\n<p>O curr\u00edculo do PaRK IS \u00e9 enriquecido com v\u00e1rias atividades extracurriculares, como a PaRK Music Academy. A nossa combina\u00e7\u00e3o de educa\u00e7\u00e3o bilingue, Cambridge International e Diploma IB \u00e9 \u00fanica em Portugal, desenvolvendo uma ampla base de conhecimentos, o dom\u00ednio de v\u00e1rias l\u00ednguas, compet\u00eancias para o s\u00e9culo XXI e uma mentalidade empreendedora. Com instala\u00e7\u00f5es e tecnologia de ponta, os alunos t\u00eam todas as ferramentas necess\u00e1rias para o sucesso na vertente acad\u00e9mica e no desporto, artes visuais e performativas. Localizados em zonas privilegiadas na \u00e1rea de Lisboa, os nossos tr\u00eas campus foram constru\u00eddos com o intuito de proporcionar a melhor experi\u00eancia educativa a mais de 2.000 alunos.<\/p>\n<p>Desde o in\u00edcio da sua educa\u00e7\u00e3o nas nossas escolas internacionais em Lisboa que as crian\u00e7as s\u00e3o guiadas por professores especializados em diferentes disciplinas. Os alunos que competem pelo PaRK Team em torneios com outras escolas internacionais alcan\u00e7am resultados extraordin\u00e1rios em todas as divis\u00f5es, e os alunos mais motivados do 6.\u00ba ao 12.\u00ba Ano podem seguir um programa de desporto de elite, combinando as suas paix\u00f5es desportivas com o sucesso acad\u00e9mico. Em cada um deles, os alunos recebem uma educa\u00e7\u00e3o individualizada, multilingue e baseada em projetos, equipando-os com compet\u00eancias de vida essenciais, que os ajudar\u00e3o a superar quaisquer desafios futuros.<\/p>\n<p>A CESCE \ufffd uma empresa espanhola, l\ufffdder no mercado de seguros de cr\ufffddito para a exporta\ufffd\ufffdo, participada maioritariamente pelo Estado Espanhol e pelos principais bancos e empresas seguradoras de Espanha. Alguns s\u00e3o estritamente necess\u00e1rios para o funcionamento do website e outros s\u00e3o opcionais para o utilizador e servem para medir a utiliza\u00e7\u00e3o do website, para permitir a personaliza\u00e7\u00e3o, bem como para lhe mostrar publicidade. Pretende-se, pois, que os alunos desenvolvam compet\u00eancias individuais e sociais diversificadas para a vida em sociedade, estimulando a autoconfian\u00e7a, a atitude construtiva, o esp\u00edrito cr\u00edtico, a iniciativa e a resili\u00eancia, que s\u00e3o fundamentais na forma\u00e7\u00e3o integral das crian\u00e7as e dos jovens.<\/p>\n<p>Os alunos recebem uma educa\u00e7\u00e3o bilingue desde as salas de 1 Ano at\u00e9 ao 4.\u00ba Ano, com o Cambridge International Pathway a partir do 5.\u00ba Ano, incluindo IGCSE e A Levels, e o mundialmente reconhecido programa Diploma IB. Agrupamento de Escolas do Restelo, do pr\u00e9-escolar ao 12\u00ba ano. O nosso col\u00e9gio disp\u00f5e ainda de salas dedicadas \u00e0s artes performativas, onde os alunos podem expressar-se atrav\u00e9s da m\u00fasica, do teatro e de outras atividades criativas. O nosso col\u00e9gio no Restelo tamb\u00e9m disp\u00f5e de excelentes instala\u00e7\u00f5es desportivas, incluindo um gin\u00e1sio para atividades no interior, um campo de futebol no telhado com uma vista extraordin\u00e1ria sobre o rio Tejo, e um campo polidesportivo exterior no r\u00e9s do ch\u00e3o.<\/p>\n<p>Estamos ansiosos por receber a vossa fam\u00edlia no PaRK IS! O nosso curr\u00edculo internacional \u00e9 inovador, desafiante e adaptado a cada faixa et\u00e1ria, com integra\u00e7\u00e3o da tecnologia e foco no desempenho acad\u00e9mico, artes, desporto e compet\u00eancias sociais. A melhor educa\u00e7\u00e3o internacional em Lisboa para um futuro de sucesso Tem um m\u00e9todo de ensino diferenciado, criativo que incentiva o esp\u00edrito cr\u00edtico<\/p>\n","protected":false},"excerpt":{"rendered":"<p>Content Quantos trabalhadores formam a equipe de Agrupamento De Escolas Do Restelo? Na lista abaixo, consulte a lista de creches, jardins de inf\u00e2ncia e ber\u00e7\u00e1rios em Restelo. Mais informa\u00e7\u00e3o sobre o campus do Restelo Prime School International posiciona-se entre as&#8230;<\/p>\n","protected":false},"author":2,"featured_media":0,"comment_status":"open","ping_status":"open","sticky":false,"template":"","format":"standard","meta":{"footnotes":""},"categories":[5846],"tags":[],"class_list":["post-161562","post","type-post","status-publish","format-standard","hentry","category-externatoescolinha-pt"],"_links":{"self":[{"href":"https:\/\/protectron.com.au\/index.php\/wp-json\/wp\/v2\/posts\/161562","targetHints":{"allow":["GET"]}}],"collection":[{"href":"https:\/\/protectron.com.au\/index.php\/wp-json\/wp\/v2\/posts"}],"about":[{"href":"https:\/\/protectron.com.au\/index.php\/wp-json\/wp\/v2\/types\/post"}],"author":[{"embeddable":true,"href":"https:\/\/protectron.com.au\/index.php\/wp-json\/wp\/v2\/users\/2"}],"replies":[{"embeddable":true,"href":"https:\/\/protectron.com.au\/index.php\/wp-json\/wp\/v2\/comments?post=161562"}],"version-history":[{"count":1,"href":"https:\/\/protectron.com.au\/index.php\/wp-json\/wp\/v2\/posts\/161562\/revisions"}],"predecessor-version":[{"id":161563,"href":"https:\/\/protectron.com.au\/index.php\/wp-json\/wp\/v2\/posts\/161562\/revisions\/161563"}],"wp:attachment":[{"href":"https:\/\/protectron.com.au\/index.php\/wp-json\/wp\/v2\/media?parent=161562"}],"wp:term":[{"taxonomy":"category","embeddable":true,"href":"https:\/\/protectron.com.au\/index.php\/wp-json\/wp\/v2\/categories?post=161562"},{"taxonomy":"post_tag","embeddable":true,"href":"https:\/\/protectron.com.au\/index.php\/wp-json\/wp\/v2\/tags?post=161562"}],"curies":[{"name":"wp","href":"https:\/\/api.w.org\/{rel}","templated":true}]}}