{"id":146383,"date":"2026-03-11T15:02:13","date_gmt":"2026-03-11T15:02:13","guid":{"rendered":"https:\/\/protectron.com.au\/?p=146383"},"modified":"2026-02-11T15:10:13","modified_gmt":"2026-02-11T15:10:13","slug":"colegio-publico-9-de-octubre-petrer-horario","status":"publish","type":"post","link":"https:\/\/protectron.com.au\/index.php\/2026\/03\/11\/colegio-publico-9-de-octubre-petrer-horario\/","title":{"rendered":"Colegio P\u00fablico 9 de Octubre Petrer Horario, Direcci\u00f3n y Opiniones"},"content":{"rendered":"<div id=\"toc\" style=\"background: #f9f9f9;border: 1px solid #aaa;display: table;margin-bottom: 1em;padding: 1em;width: 350px;\">\n<p class=\"toctitle\" style=\"font-weight: 700;text-align: center;\">Content<\/p>\n<ul class=\"toc_list\">\n<li><a href=\"#toc-0\">Mapa de ubicaci\u00f3n: 9 D\u2019OCTUBRE Colegio P\u00fablico en Petrer<\/a><\/li>\n<li><a href=\"#toc-2\">Hist\u00f3rico proyectos KA2<\/a><\/li>\n<li><a href=\"#toc-3\">Nuestro modelo educativo est\u00e1 avalado por:<\/a><\/li>\n<li><a href=\"#toc-4\">Servicios:<\/a><\/li>\n<li><a href=\"#toc-5\">Listado de Colegios, Institutos, Centros y Estudios en Espa\u00f1a:<\/a><\/li>\n<\/ul>\n<\/div>\n<p>Escuela Infantil Virgen del Remedio &#8211; Instituci\u00f3n educativa p\u00fablica en Petrer Te invitamos a visitar nuestra p\u00e1gina web o contactarnos a trav\u00e9s de nuestro n\u00famero de tel\u00e9fono para obtener m\u00e1s informaci\u00f3n y concertar una visita al colegio. Con una calificaci\u00f3n de 3.9 sobre 5, seg\u00fan la valoraci\u00f3n de 11 clientes, este colegio ha demostrado su compromiso con la excelencia educativa y el bienestar de sus estudiantes. Una de las principales ventajas de este colegio es su entrada accesible para sillas de ruedas, lo que garantiza que todos los estudiantes tengan igualdad de oportunidades para acceder a la educaci\u00f3n. Puede consultar m\u00e1s informaci\u00f3n sobre la privacidad de sus datos a trav\u00e9s de nuestra Pol\u00edtica de Privacidad. La Educaci\u00f3n Personalizada es un estilo in\u00e9dito, que pone en el centro de la educaci\u00f3n a cada persona de manera integral contemplando todas sus dimensiones y capacidades.<\/p>\n<h2 id=\"toc-0\">Mapa de ubicaci\u00f3n: 9 D\u2019OCTUBRE Colegio P\u00fablico en Petrer<\/h2>\n<p>El Bachillerato Internacional (IB) es un conjunto de programas educativos impartidos en m\u00e1s de 4200 colegios de 150 pa\u00edses por la Organizaci\u00f3n\u2026 El objetivo del Colegio es preparar a los alumnos para que, al finalizar sus estudios de bachillerato, sean personas capaces de lograr el \u00e9xito en sus responsabilidades tanto en la universidad como en la sociedad Conscientes de que los alumnos de la ESO se encuentran en un momento importante de su proceso educativo, esta etapa se propone\u2026 El Colegio CEU San Pablo Valencia ofrece una educaci\u00f3n innovadora e integral desde Infantil hasta la Universidad. El Colegio P\u00edo XII ofrece una educaci\u00f3n innovadora e integral desde Infantil hasta Bachillerato. Tu opini\u00f3n es muy importante, puede ser \u00fatil para ayudar a los dem\u00e1s a buscar colegio, intenta siempre ser objetivo e imparcial.<\/p>\n<p>Opina sobre la calidad de la ense\u00f1anza, los valores que el centro promueve, el profesorado, las instalaciones&#8230; Con experiencia en clases particulares de ingl\u00e9s y refuerzo general para ni\u00f1os de educaci\u00f3n primaria Los maestros se muestran comprometidos con la educaci\u00f3n de sus alumnos, como lo demuestra el comentario que elogia a David por su dedicaci\u00f3n. Este perfil contiene informaci\u00f3n p\u00fablica. Escola Infantil El Cid &#8211; Instituci\u00f3n educativa p\u00fablica en Petrer CEIP Poeta Miguel Hern\u00e1ndez &#8211; Instituci\u00f3n educativa p\u00fablica en Petrer<\/p>\n<h3 id=\"toc-1\">\u00bfC\u00f3mo llegar? \u00bfD\u00f3nde queda? Plano del centro educativo:<\/h3>\n<p>Con el fin de gestionar y atender su solicitud de informaci\u00f3n, dudas o sugerencias, en base a la ejecuci\u00f3n de la relaci\u00f3n precontractual. De conformidad con la normativa vigente en materia de protecci\u00f3n de datos, sus datos ser\u00e1n tratados por COLEGIO GUADALAVIAR, S.A. Por primera vez, el colegio Guadalaviar se incorpora al cat\u00e1logo de edificios de Open House Valencia y es el \u00fanico colegio que forma parte de este festival, que se celebra los pr<\/p>\n<h2 id=\"toc-2\">Hist\u00f3rico proyectos KA2<\/h2>\n<p>Con alumnos que dejen huella en nuestra sociedad. Comprometidos con una formaci\u00f3n de calidad que haga de nuestro alumnado personas responsables, cr\u00edticas y respetuosas. Esta etapa de educaci\u00f3n Primaria es concertada. El pasado jueves 30 de octubre, hicimos un sencillo pero emotivo homenaje a nuestro querido Jos\u00e9 \u00c1ngel Otaegui, mitad &#8230; Durante varias semanas, toda la primaria ha estado combinando materias y aprendizajes de forma transversal hasta llegar &#8230;<\/p>\n<h3 id=\"toc-3\">Nuestro modelo educativo est\u00e1 avalado por:<\/h3>\n<p>A pesar de algunos comentarios negativos, es importante recordar que cada experiencia es \u00fanica y que este colegio p\u00fablico ofrece una variedad de beneficios y servicios que <a href=\"https:\/\/www.grupocarrasca.es\/\">pavimento terrizo<\/a> pueden ser de gran valor para los estudiantes. A pesar de algunos comentarios negativos, este centro educativo ofrece una gran variedad de servicios y beneficios para sus alumnos. Si est\u00e1s buscando un colegio p\u00fablico de calidad en la provincia de Alicante, el Colegio P\u00fablico 9 de Octubre es una excelente opci\u00f3n a considerar. Si est\u00e1s buscando una instituci\u00f3n educativa que ofrezca una educaci\u00f3n de calidad, un ambiente inclusivo y una amplia variedad de servicios, el Colegio P\u00fablic 9 d&#8217;Octubre es una excelente opci\u00f3n. Este centro de educaci\u00f3n que se encuentra en la localidad de Petrer es un &quot;Centro p\u00fablico&quot;.<\/p>\n<ul>\n<li>Sabemos que la educaci\u00f3n de nuestros hijos es una de los mayores retos que tenemos en nuestra vida y en nuestro buscador de colegios en Espa\u00f1a ten\u00e9is el m\u00e1s completo listado de los centros educativos.<\/li>\n<li>Esta etapa de educaci\u00f3n Primaria es concertada.<\/li>\n<li>\u00a1No dudes en visitar el Colegio P\u00fablico 9 de Octubre en Petrer, Alicante, y descubrir todo lo que tiene para ofrecer!<\/li>\n<\/ul>\n<h2 id=\"toc-4\">Servicios:<\/h2>\n<p>Adem\u00e1s de un curr\u00edculo acad\u00e9mico s\u00f3lido, el colegio tambi\u00e9n brinda actividades extracurriculares que fomentan el deporte, la creatividad y el trabajo en equipo. El Colegio P\u00fablic 9 d&#8217;Octubre ofrece una amplia gama de servicios para garantizar el desarrollo integral de sus estudiantes. Los padres y madres destacan la calidad de la ense\u00f1anza, el ambiente acogedor y la dedicaci\u00f3n del personal docente. El Colegio de Educaci\u00f3n Infantil y Primaria 9 D\u2019OCTUBRE se encuentra ubicado en la provincia de Alicante\/Alacant, en la localidad de Petrer y tiene como domicilio la direcci\u00f3n AV BASSA PERICO 11, Petrer, Alicante\/Alacant, Espa\u00f1a.<\/p>\n<p>Es un centro mixto integrado con las etapas concertadas de Infantil, Primaria, ESO y Bachillerato.<\/p>\n<h3 id=\"toc-5\">Listado de Colegios, Institutos, Centros y Estudios en Espa\u00f1a:<\/h3>\n<p>Realizamos movilidades de estudiantes y profesores durante todo el a\u00f1o a distintos centros educativos de Europa. La tradici\u00f3n de la Escuela Marianista se concreta en ocho grandes \u00e1reas de desarrollo educativo en torno a las cuales se articulan tanto las actividades puramente acad\u00e9micas, como las pastorales de educaci\u00f3n en la fe o las del \u00e1mbito extracurricular. Diploma Dual Somos centro acreditado para ofrecer el Diploma Dual.<\/p>\n<p>Ya ha arrancado la XIV Edici\u00f3n de Teens Emprendedores, en la que los alumnos de 4\u00ba de ESO han podido escuchar a un emprendedor motiv\u00e1ndoles a emprender y a participar en el concurso Teen Emprendedores. Los alumnos de 1\u00ba de Bachillerato conocieron de primera mano una parte de la historia de Espa\u00f1a en la conferencia sobre el terrorismo de ETA que ha impartido Pablo Broseta, secretario auton\u00f3mico de Representaci\u00f3n ante la Uni\u00f3n Europea y las \u2026 La Fundaci\u00f3n Universitaria San Pablo CEU presenta \u201cGeneraciones\u201d, una campa\u00f1a de comunicaci\u00f3n institucional que reivindica el valor del legado educativo y la transmisi\u00f3n de principios que perduran en el tiempo. Dirigido a los alumnos de 1\u00ba y 2\u00ba de Bachillerato Adem\u00e1s de desarrollar los objetivos indicados por la ley, nuestros alumnos construyen su propio aprendizaje con la ayuda de sus profesores\u2026<\/p>\n<p>Esta actitud refleja un ambiente educativo positivo y enriquecedor para los estudiantes. Uno de los aspectos m\u00e1s destacables del Colegio P\u00fablico 9 de Octubre es la calidad de sus profesionales. Aqu\u00ed puedes ver informaci\u00f3n acerca de Colegio P\u00fablico 9 de Octubre, opiniones, su horario, ubicaci\u00f3n y v\u00edas de contacto. Colegio p\u00fablico en Petrer (Alicante) que encontrar\u00e1s en Av. Una vez aprobada tu solicitud, podr\u00e1s editar toda la informaci\u00f3n, gestionar rese\u00f1as y tener control total sobre el perfil. El equipo docente del Colegio P\u00fablic 9 d&#8217;Octubre est\u00e1 formado por profesionales altamente cualificados y comprometidos con la educaci\u00f3n de sus estudiantes.<\/p>\n","protected":false},"excerpt":{"rendered":"<p>Content Mapa de ubicaci\u00f3n: 9 D\u2019OCTUBRE Colegio P\u00fablico en Petrer Hist\u00f3rico proyectos KA2 Nuestro modelo educativo est\u00e1 avalado por: Servicios: Listado de Colegios, Institutos, Centros y Estudios en Espa\u00f1a: Escuela Infantil Virgen del Remedio &#8211; Instituci\u00f3n educativa p\u00fablica en Petrer&#8230;<\/p>\n","protected":false},"author":2,"featured_media":0,"comment_status":"open","ping_status":"open","sticky":false,"template":"","format":"standard","meta":{"footnotes":""},"categories":[5441],"tags":[],"class_list":["post-146383","post","type-post","status-publish","format-standard","hentry","category-grupocarrasca-es"],"_links":{"self":[{"href":"https:\/\/protectron.com.au\/index.php\/wp-json\/wp\/v2\/posts\/146383","targetHints":{"allow":["GET"]}}],"collection":[{"href":"https:\/\/protectron.com.au\/index.php\/wp-json\/wp\/v2\/posts"}],"about":[{"href":"https:\/\/protectron.com.au\/index.php\/wp-json\/wp\/v2\/types\/post"}],"author":[{"embeddable":true,"href":"https:\/\/protectron.com.au\/index.php\/wp-json\/wp\/v2\/users\/2"}],"replies":[{"embeddable":true,"href":"https:\/\/protectron.com.au\/index.php\/wp-json\/wp\/v2\/comments?post=146383"}],"version-history":[{"count":1,"href":"https:\/\/protectron.com.au\/index.php\/wp-json\/wp\/v2\/posts\/146383\/revisions"}],"predecessor-version":[{"id":146384,"href":"https:\/\/protectron.com.au\/index.php\/wp-json\/wp\/v2\/posts\/146383\/revisions\/146384"}],"wp:attachment":[{"href":"https:\/\/protectron.com.au\/index.php\/wp-json\/wp\/v2\/media?parent=146383"}],"wp:term":[{"taxonomy":"category","embeddable":true,"href":"https:\/\/protectron.com.au\/index.php\/wp-json\/wp\/v2\/categories?post=146383"},{"taxonomy":"post_tag","embeddable":true,"href":"https:\/\/protectron.com.au\/index.php\/wp-json\/wp\/v2\/tags?post=146383"}],"curies":[{"name":"wp","href":"https:\/\/api.w.org\/{rel}","templated":true}]}}