{"id":122925,"date":"2026-01-18T10:58:02","date_gmt":"2026-01-18T10:58:02","guid":{"rendered":"https:\/\/protectron.com.au\/?p=122925"},"modified":"2026-01-18T10:58:03","modified_gmt":"2026-01-18T10:58:03","slug":"a-vuelta-kivaloan-teljesitette-a-2024-es-espana-versenyt-az-utolso-helyek-es-eredmenyek-tekinteteben","status":"publish","type":"post","link":"https:\/\/protectron.com.au\/index.php\/2026\/01\/18\/a-vuelta-kivaloan-teljesitette-a-2024-es-espana-versenyt-az-utolso-helyek-es-eredmenyek-tekinteteben\/","title":{"rendered":"A Vuelta kiv\u00e1l\u00f3an teljes\u00edtette a 2024-es Espana-versenyt, az utols\u00f3 helyek \u00e9s eredm\u00e9nyek tekintet\u00e9ben."},"content":{"rendered":"<div id=\"toc\" style=\"background: #f9f9f9;border: 1px solid #aaa;display: table;margin-bottom: 1em;padding: 1em;width: 350px;\">\n<p class=\"toctitle\" style=\"font-weight: 700;text-align: center;\">Bejegyz\u00e9sek<\/p>\n<ul class=\"toc_list\">\n<li><a href=\"#toc-0\">GC Upgrade Vuelta egy j\u00f3 Espana 2025 6. f\u00e1zis &#8211; Jonas Vingegaard \u00fagy t\u0171nik, ism\u00e9t elvesz\u00edti piros mez\u00e9t, mert a sz\u00f6k\u00e9s felforgatja a friss tabell\u00e1t<\/a><\/li>\n<li><a href=\"#toc-1\">Vuelta a Espa\u00f1a 17. szakasz Teljes\u00edtm\u00e9ny \u00e9s a tabella: 3. l\u00e9p\u00e9s: Amerikaiak az els\u0151 t\u00edzben<\/a><\/li>\n<li><a href=\"#toc-2\">Dombok kateg\u00f3ria<\/a><\/li>\n<li><a href=\"#toc-3\">Oszt\u00e1lyoz\u00e1si vezet\u0151k<\/a><\/li>\n<\/ul>\n<\/div>\n<p>Pontosan akkor, amikor csapatt\u00e1rsa visszanyeri a kapcsolatot, Jay Vine elindul az \u00f6sv\u00e9nyen. A nyolc versenyz\u0151b\u0151l \u00e1ll\u00f3 toplist\u00e1s csapat val\u00f3j\u00e1ban a Puerto de Lumerashoz \u00e9rkezik (6,6 km az 5,9%-os t\u00e1von). Az \u00faj \u00fcld\u00f6z\u0151k kateg\u00f3ria val\u00f3j\u00e1ban sz\u00e9tesik, mik\u00f6zben egy lelkes, kategoriz\u00e1latlan emelked\u0151vel v\u00e1gnak neki a sz\u00e1guld\u00e1s el\u0151tt. Az \u00faj n\u00e9gyes el\u00f6l nem igaz\u00e1n szereti az utols\u00f3 emelked\u0151ket Soler, Vine, Trees \u00e9s Teuns nyomdokaiba l\u00e9pni. <!--more--> Az \u00faj boxutca gyakorlatilag 10 percet nyom, mivel a split az \u00faj Alto O Portelo fel\u00e9 tart.<\/p>\n<p>Az al\u00e1bbiakban egy pillant\u00e1st vet\u00fcnk a holnapi szakaszban szerepl\u0151 karakterekre a Campus Tecnol\u00f3gico Cortizo Padronb\u00f3l, hogy megismerhess\u00fck a Campus Tecnol\u00f3gico Cortizo Padront, ahol 166,4 km-es dombos terep k\u00edn\u00e1l \u00fajabb lehet\u0151s\u00e9get a friss sz\u00f6k\u00e9sre. Az utols\u00f3 kilom\u00e9ter ma, \u00e9s megl\u00e1tjuk Van Aert-et, aki Pacher m\u00f6g\u00f6tt \u00fcl a h\u00e1ts\u00f3 korm\u00e1nyn\u00e1l, k\u00e9szen arra, hogy sprintelve megel\u0151zze \u0151t a gy\u0151zelem\u00e9rt. Az Euskaltel-Euskadi v\u00e9letlenszer\u0171en t\u00e1madott vissza a leg\u00fajabb mez\u0151nyh\u00f6z, egyetlen \u00fct\u00e9ssel a leg\u00fajabb r\u00fag\u00f3k el\u0151l.<\/p>\n<h2 id=\"toc-0\">GC Upgrade Vuelta egy j\u00f3 Espana 2025 6. f\u00e1zis &#8211; Jonas Vingegaard \u00fagy t\u0171nik, ism\u00e9t elvesz\u00edti piros mez\u00e9t, mert a sz\u00f6k\u00e9s felforgatja a friss tabell\u00e1t<\/h2>\n<p>\u00c1ltal\u00e1noss\u00e1gban \u00fagy t\u0171nik, hogy a GC-s sr\u00e1cok k\u00f6z\u00f6tt mostan\u00e1ban nem lesz nagyobb k\u00fcl\u00f6nbs\u00e9g. Eddig a legmagasabb emelked\u0151kre <a href=\"https:\/\/fogadas-sport.com\/fogadasi-oldalak\/\">https:\/\/fogadas-sport.com\/fogadasi-oldalak\/<\/a> tartogatt\u00e1k a teljes\u00edtm\u00e9nyt. Ma kicsit visszafogottabban rajtolhat, de Mauro Schmid a m\u00e1sodik versenyz\u0151, aki Castrillo m\u00f6g\u00f6tt bels\u0151 \u00edvr\u0151l indul. Az \u00faj mez\u0151ny el\u0151nye val\u00f3j\u00e1ban h\u00e9t percre cs\u00f6kken. Az \u00faj vezet\u0151k a k\u00f6ztes szakaszb\u00f3l indulnak, sok verseny n\u00e9lk\u00fcl.<\/p>\n<p>Filippo Ganna (Ineos Grenadiers) a k\u00f6vetkez\u0151 60 km\/h-s sebess\u00e9ggel versenyzett a gyorsabb 12,2 km-es valladolidi id\u0151m\u00e9r\u0151n, \u00edgy megnyerte a 18. szakaszt, ezzel 14 napos balesetet hozva a Vuelta-t\u00f3l. Jonas Vingeard (Visma \u2013 Book a bicycle) a 2025-\u00f6s Vuelta a Great Espa\u00f1a gy\u0151ztese lett a h\u00e9tv\u00e9g\u00e9n, de a madridi dobog\u00f3s \u00fcnneps\u00e9gen k\u00edv\u00fcl nem volt \u00fcnneps\u00e9g. Az utols\u00f3 szakasz Alalpard\u00f3ban kezd\u0151d\u00f6tt, de m\u00e9g 60 km van h\u00e1tra Madridban, mivel a t\u00fcntet\u0151k ellept\u00e9k az utat, \u00e9s a szervez\u0151ket arra k\u00e9nyszer\u00edtett\u00e9k, hogy megakad\u00e1lyozz\u00e1k az \u00faj szakasz le\u00e1ll\u00edt\u00e1s\u00e1t. Jo\u00e3o Almeida (UAE Group Emirates-XRG) a gy\u0151ztes, Tom Pidcock (Q36.5 Pro Bicycling) pedig a harmadik helyen v\u00e9gzett. Alasdair Fotheringham az 1991-es versenyen versenyzett a ker\u00e9kp\u00e1rosok k\u00f6z\u00f6tt.<\/p>\n<h2 id=\"toc-1\">Vuelta a Espa\u00f1a 17. szakasz Teljes\u00edtm\u00e9ny \u00e9s a tabella: 3. l\u00e9p\u00e9s: Amerikaiak az els\u0151 t\u00edzben<\/h2>\n<p><img decoding=\"async\" src=\"http:\/\/blog.tonybet.com\/files\/styles\/image730x495\/public\/5a7d787c011f3.jpg?itok=-sN_9y4X\" alt=\"nhl betting\" align=\"right\" border=\"1\"><\/p>\n<p>Primo\u017e Rogli\u010d \u00e9s Florian Lipowitz a Red-colored Bull-Bora-Hansgrohe csapat\u00e1b\u00f3l Ben O&#39;Connor (DAT) m\u00f6g\u00f6tt v\u00e9geztek. Ez a szlov\u00e9nok kalap\u00e1cs\u00fct\u00e9se, amivel v\u00f6r\u00f6sesre sikeredtek az utols\u00f3 h\u00f3napban. 4 km van h\u00e1tra az \u00faj vezet\u0151s\u00e9gig, \u00e9s m\u00e1r csak 2&#39;01&quot;-es a k\u00fcl\u00f6nbs\u00e9g a legjobb tri\u00f3 \u00e9s a GC kateg\u00f3ria k\u00f6z\u00f6tt. Stefan K\u00fcng (GFC) most m\u00e1r biztons\u00e1gosan lemarad, csak Vlasov (RBH), Castrillo (EKP) \u00e9s Pacher (GFC) az egyetlen versenyz\u0151, aki k\u00e9pes megel\u0151zni Sivakovot (UAD). A ker\u00e9kp\u00e1rosok messze elt\u00e1volodnak az \u00fcnnept\u0151l \u00e9s a mez\u0151nyt\u0151l a d\u00e1tumig.<\/p>\n<h2 id=\"toc-2\">Dombok kateg\u00f3ria<\/h2>\n<p>Arroyo saj\u00e1t hasizom-tesztj\u00e9t k\u00e9rte a k\u00eds\u00e9rlet\u00e9b\u0151l, ami ism\u00e9t pozit\u00edv lett. Arroyo j\u00f3kora t\u00edz m\u00e1sodperces b\u00fcntet\u00e9st kapott, \u00e9s v\u00e9g\u00fcl a tizenharmadik helyen v\u00e9gzett az \u00f6sszetettben. Rogli\u010dot a Mas az utols\u00f3 ringb\u0151l a v\u00e9g\u00e9re \u00e1ll\u00edtotta be, a p\u00e1ros pedig id\u0151pontot adott minden GC-ellenfel\u00e9nek, ha nem siker\u00fcl egym\u00e1snak. Az \u00faj hegyi utca teteje fel\u00e9 Vlasov jelent meg \u00fajra az elej\u00e9n, hogy visszat\u00e9rjen Castrill\u00f3ba, ahol egy felejthetetlen versenyt rendezzen a nyerem\u00e9nyek\u00e9rt.<\/p>\n<p>Jonas Vingeard (Visma-Lease a motorcycle) azonban nem teljes\u00edtette teljesen a sebess\u00e9ghat\u00e1rt, \u00edgy a szakaszban harmadikk\u00e9nt \u00e9rt c\u00e9lba, \u00edgy a friss lila vezet\u0151i mezben egy m\u00e1sodik versenyre is benevezhet, most m\u00e1r holtversenyben Gauduval. A legjobb GC-versenyz\u0151k nagyszer\u0171 \u00f6sszecsap\u00e1s\u00e1b\u00f3l Jo\u00e3o Almeida (UAE Human Emirate-XRG) az Angliru cs\u00facs\u00e1ra ugrott fel, mint a 13. szakasz bajnoka, n\u00e9h\u00e1ny m\u00e1sodperccel el\u0151r\u00e9bb a csatavezet\u0151 Jonas Vingearddal (Visma-Book a motorcycle) szemben. Jai Hindley (Red Bull-Bora-Hansgrohe) Sepp Kuss-szal (Visma-Book a motorcycle) egy\u00fctt a 12,5 km-es emelked\u0151 utols\u00f3 dombjaiig v\u00e1lt el, hogy biztons\u00e1gosabban megszerezze a harmadik helyet.<\/p>\n<h2 id=\"toc-3\">Oszt\u00e1lyoz\u00e1si vezet\u0151k<\/h2>\n<p>\u00cdme a 16. szakasz hat\u00e9konys\u00e1g\u00e1nak \u00e1ttekint\u00e9se, \u00e9s a GC-\u00e1ll\u00e1sok friss\u00edt\u00e9se. A 2024-es Vuelta legut\u00f3bbi \u00e1ll\u00e1sa egy j\u00f3 Espa\u00f1a, ahol Primoz Roglic az \u00e9v legut\u00f3bbi Grand Tripj\u00e9n \u00f6t c\u00edmb\u0151l holtversenyben v\u00e9gzett a leg\u00fajabb list\u00e1n&#8230; Teljes szakaszjelent\u00e9seket kapunk, \u00e9s interj\u00fakat k\u00e9sz\u00edthet Alasdair Fotheringhammel, valamint Barry Ryannal a Spanyolorsz\u00e1gban. &quot;Napk\u00f6zben azt mondjuk, hogy &#39;a kir\u00e1lyn\u0151 szakasznak el kell j\u00f6nnie&#39;, a m\u00faltban m\u00e1snap vagy, a cs\u00facson te leszel. Term\u00e9szetesen nagyon neh\u00e9z.&quot;<\/p>\n<ul>\n<li>A friss vezet\u0151k a halad\u00f3 rajtb\u00f3l indultak, nagyon kev\u00e9s versenyt\u00e1rssal.<\/li>\n<li>Az \u00faj 50 km\/h-s teljes\u00edtm\u00e9ny\u0171 h\u00edmek leg\u00fajabb t\u00e1mad\u00e1sai k\u00f6nnyen szab\u00e1lyozhat\u00f3k.<\/li>\n<li>A leg\u00fajabb sz\u00f6k\u00e9s a nap k\u00f6vetkez\u0151 felvon\u00f3j\u00e1ra, az Alto de Vilach\u00e1nra \u00e9rkezett.<\/li>\n<li>Az 1995-ben bemutatott Vuelta \u00f6tvenedik modellje egybeesett a kor\u00e1bbi d\u00e1tumok \u00e1talakul\u00e1s\u00e1val.<\/li>\n<li>\u201eD\u00fch\u00f6s vagyok, ma is j\u00f3l siker\u00fclt. Csal\u00f3dott. Az Ineosnak k\u00e9t embere volt, \u00e9s norm\u00e1lis, hogy mindenki tesztelte \u0151ket, hogy \u00e9rz\u00e9keltesse a leg\u00fajabb hi\u00e1nyoss\u00e1got.\u201d<\/li>\n<\/ul>\n<p><img decoding=\"async\" src=\"https:\/\/media.graytvinc.com\/images\/810*456\/online+sports+betting+mgn.jpg\" alt=\"reddit csgo betting\" align=\"right\" border=\"1\"><\/p>\n<p>Egy m\u00e1sik kateg\u00f3ria apr\u00f3 er\u00e9nyt kap olyan versenyz\u0151kt\u0151l, mint Mauri Vansevenant (Soudal-QuickStep), \u00e9s lehet, hogy Dunbar is benne van. \u00dagy t\u0171nik, hogy hat ker\u00e9kp\u00e1rosnak siker\u00fclt bejutnia a mai napig, de a lemarad\u00e1s jelei tov\u00e1bbra is jelentkeznek. A legt\u00f6bb nagydarab ker\u00e9kp\u00e1rost m\u00e1r kik\u00f6pte a h\u00e1ts\u00f3 r\u00e9sz, mivel az els\u0151 r\u00e9sz sebess\u00e9ge el\u00e9g magas ahhoz, hogy feljebb menjen.<\/p>\n<p>Ma este biztosan legal\u00e1bb egy pillanattal el\u0151nyre tesz szert. Az\u00e9rt van itt, hogy felm\u00e9rhesd a helyzetet, \u00e9s versenyezhess az \u0151 csat\u00e1j\u00e1val, hogy megv\u00e9dje a k\u00f6vetkez\u0151 GC-t. A dobog\u00f3\u00e9rt versenyez, ahelyett, hogy megpr\u00f3b\u00e1ln\u00e1 megel\u0151zni Roglicot. A leg\u00fajabb mez\u0151ny szinte sprintel, hogy jobb poz\u00edci\u00f3t szerezzen az \u00faj feljut\u00e1son. A Red Bull, a Groupama \u00e9s a Decathlon vezeti az \u00faj mez\u0151nyt, mivel a GC-csata k\u00f6zeleg.<\/p>\n","protected":false},"excerpt":{"rendered":"<p>Bejegyz\u00e9sek GC Upgrade Vuelta egy j\u00f3 Espana 2025 6. f\u00e1zis &#8211; Jonas Vingegaard \u00fagy t\u0171nik, ism\u00e9t elvesz\u00edti piros mez\u00e9t, mert a sz\u00f6k\u00e9s felforgatja a friss tabell\u00e1t Vuelta a Espa\u00f1a 17. szakasz Teljes\u00edtm\u00e9ny \u00e9s a tabella: 3. l\u00e9p\u00e9s: Amerikaiak az els\u0151&#8230;<\/p>\n","protected":false},"author":2,"featured_media":0,"comment_status":"closed","ping_status":"open","sticky":false,"template":"","format":"standard","meta":{"footnotes":""},"categories":[1],"tags":[],"class_list":["post-122925","post","type-post","status-publish","format-standard","hentry","category-uncategorized"],"_links":{"self":[{"href":"https:\/\/protectron.com.au\/index.php\/wp-json\/wp\/v2\/posts\/122925","targetHints":{"allow":["GET"]}}],"collection":[{"href":"https:\/\/protectron.com.au\/index.php\/wp-json\/wp\/v2\/posts"}],"about":[{"href":"https:\/\/protectron.com.au\/index.php\/wp-json\/wp\/v2\/types\/post"}],"author":[{"embeddable":true,"href":"https:\/\/protectron.com.au\/index.php\/wp-json\/wp\/v2\/users\/2"}],"replies":[{"embeddable":true,"href":"https:\/\/protectron.com.au\/index.php\/wp-json\/wp\/v2\/comments?post=122925"}],"version-history":[{"count":1,"href":"https:\/\/protectron.com.au\/index.php\/wp-json\/wp\/v2\/posts\/122925\/revisions"}],"predecessor-version":[{"id":122926,"href":"https:\/\/protectron.com.au\/index.php\/wp-json\/wp\/v2\/posts\/122925\/revisions\/122926"}],"wp:attachment":[{"href":"https:\/\/protectron.com.au\/index.php\/wp-json\/wp\/v2\/media?parent=122925"}],"wp:term":[{"taxonomy":"category","embeddable":true,"href":"https:\/\/protectron.com.au\/index.php\/wp-json\/wp\/v2\/categories?post=122925"},{"taxonomy":"post_tag","embeddable":true,"href":"https:\/\/protectron.com.au\/index.php\/wp-json\/wp\/v2\/tags?post=122925"}],"curies":[{"name":"wp","href":"https:\/\/api.w.org\/{rel}","templated":true}]}}